{"id":2845,"date":"2013-09-16T16:42:03","date_gmt":"2013-09-16T14:42:03","guid":{"rendered":"https:\/\/hannes-jaehnert.de\/wordpress\/?p=2845"},"modified":"2013-09-16T16:42:03","modified_gmt":"2013-09-16T14:42:03","slug":"npoblogparade-freiwilliges-engagement","status":"publish","type":"post","link":"https:\/\/hannes-jaehnert.de\/wordpress\/2013\/09\/16\/npoblogparade-freiwilliges-engagement\/","title":{"rendered":"Auftakt zu einer neuen NPO-Blogparade: Freiwilliges Engagement attraktiver machen &#8212; aber wie?!"},"content":{"rendered":"<p>Derzeit l\u00e4uft die bundesweite <a href=\"http:\/\/www.b-b-e.de\/projekte\/woche-des-buergerschaftlichen-engagements\/#c12359\" target=\"_blank\" rel=\"noopener\">Woche des b\u00fcrgerschaftlichen Engagements<\/a>, die seit vielen Jahren vom <a href=\"http:\/\/www.b-b-e.de\" target=\"_blank\" rel=\"noopener\">BBE<\/a> organisiert wird, um das freiwillige Engagement von 23 Millionen B\u00fcrgern in Deutschland zu w\u00fcrdigen. Parallel zur bundesweiten Woche des b\u00fcrgerschaftlichen Engagements fiel am 13. September auch der Startschuss zur <a href=\"http:\/\/berliner-engagement-woche.de\/\" target=\"_blank\" rel=\"noopener\">Berliner Engagementwoche<\/a>. Bei beiden Aktionswochen werden im Rahmen vieler Veranstaltungen die zahlreichen M\u00f6glichkeiten des Engagements aufgezeigt. Ein Ziel ist es dabei, die Hindernisse zu thematisieren, auf die Interessierte bei der Suche nach einem Engagement sto\u00dfen. Es sollen Vorschl\u00e4ge formuliert werden, wie das Ehrenamt gef\u00f6rdert werden kann. Wir \u2013 das hei\u00dft <a href=\"http:\/\/blog.nonprofits-vernetzt.de\/index.php\/auftakt-zu-einer-neuen-npo-blogparade-freiwilliges-engagement-attraktiver-machen-aber-wie\/\" target=\"_blank\" rel=\"noopener\">Brigitte Reiser<\/a> und ich &#8212; m\u00f6chten diese Diskussion \u00fcber das b\u00fcrgerschaftliche Engagement gemeinsam mit Euch ins Netz holen. Wir starten deshalb eine NPO-Blogparade zur Frage. :<\/p>\n<blockquote>\n<p style=\"text-align: left;\"><b>&#8220;Freiwilliges Engagement attraktiver machen &#8212; aber wie?<\/b>!&#8221;<\/p>\n<\/blockquote>\n<h2 style=\"text-align: left;\">Herausforderungen f\u00fcr die Engagementf\u00f6rderung<\/h2>\n<p>Viele Menschen engagieren sich in Deutschland bereits &#8212; und viele w\u00fcrden sich gerne (noch mehr) einbringen. Interessierte scheitern aber zum Beispiel an den Engagement-Angeboten gemeinn\u00fctziger Einrichtungen, die inhaltlich oder zeitlich nicht flexibel genug sind oder zu wenig Mitgestaltungsm\u00f6glichkeiten bieten. Manch einer w\u00fcrde sich gerne \u00fcber Online-Kan\u00e4le mehr ins Gemeinwesen einbringen, findet hier aber noch zu wenig Angebote. Viele haben gute Ideen f\u00fcr ein gemeinn\u00fctziges Projekt, aber finden auf lokaler Ebene keine Ansprechpartner, die sie mit Wissen, Kontakten und einem kleinen Budget unterst\u00fctzen k\u00f6nnten.<br \/>\nWer sich engagiert, hat am Ende des Jahres meist nicht mehr als einen Blumenstrau\u00df und warme Worte zu erwarten. Die Frage ist, ob solche Anerkennungsformen ausreichen, um freiwilliges Engagement attraktiv zu gestalten oder um \u00fcberhaupt Interesse zu wecken. Tatsache ist: Ein Teil der zirka 580.000 Vereine in Deuschland hat gro\u00dfe Schwierigkeiten damit, Freiwillige zu gewinnen und Ehren\u00e4mter zu besetzen. Speziell im <a href=\"http:\/\/www.bisp.de\/cln_099\/nn_35594\/SharedDocs\/Downloads\/Publikationen\/Rote__Reihe__Inhaltsverz__Kurzfass\/2010__SEB__Kurz__Dt,templateId=raw,property=publicationFile.pdf\/2010_SEB_Kurz_Dt.pdf\" target=\"_blank\" rel=\"noopener\">Sport<\/a> ist das ein gro\u00dfes Problem.<\/p>\n<h2 style=\"text-align: left;\">Mitmachen bei der NPO-Blogparade<\/h2>\n<p>Welche M\u00f6glichkeiten, welche Ma\u00dfnahmen fallen Euch ein, um das freiwillige Engagement f\u00fcr B\u00fcrger und B\u00fcrgerinnen attraktiver zu machen? Was wird im Rahmen der Aktionswochen zum b\u00fcrgerschaftlichen Engagement in Deutschland und Berlin diskutiert? Was haltet Ihr f\u00fcr gangbar und was nicht?<br \/>\nBitte bringt Eure Ideen und Einsch\u00e4tzungen ein und macht mit bei der Nonprofit-Blogparade mit, die \u00fcber die Engagementwochen hinaus bis zum 29. September 2013 l\u00e4uft. Verlinkt Eure Beitr\u00e4ge mit diesem Artikel hier oder mit dem im Blog von <a href=\"http:\/\/blog.nonprofits-vernetzt.de\/index.php\/auftakt-zu-einer-neuen-npo-blogparade-freiwilliges-engagement-attraktiver-machen-aber-wie\/\" target=\"_blank\" rel=\"noopener\">Brigitte Reiser<\/a>, die den Aufruf zur Blogparade gleichzeitig postet. Wir sind Eure Hosts und werden, die Diskussion begleiten, moderieren und versuchen sie anschlie\u00dfend zusammenzufassen.<br \/>\nWer nicht wei\u00df, was eine Blogparade ist und wie sie funktioniert, findet <a title=\"About NPO-Blogparade\" href=\"http:\/\/npoblogparade.wordpress.com\/about\/\" target=\"_blank\" rel=\"noopener\">hier<\/a> weitere Informationen.<br \/>\nWer keinen eigenen Blog hat, kann seine Ideen auch als Gastbeitrag (hier vermitteln wir gern), \u00fcber die Kommentarfunktion in unseren Blogs oder in die <a href=\"https:\/\/www.xing.com\/net\/prife2ae6x\/zivilgesellschaft20\/npo-blogparade-446897\/\" target=\"_blank\" rel=\"noopener\">Xing-Gruppe \u201eInternet und Zivilgesellschaft\u201c <\/a>ver\u00f6fentlichen. Alle verlinkten Beitr\u00e4ge werden im Anschluss an die NPO-Blogparade das Netzwerk der Engagierten abbilden, die das b\u00fcrgerschaftliche, das freiwillige, das zivilgesellschaftliche Engagement in den vielen unterschiedlichen Engagementbereichen (Kust &amp; Kultur, Soziales, Sport, Geselligkeit, Protest usw.) f\u00f6rdern m\u00f6chten.<br \/>\nIm Anschluss an die NPO-Blogparade wird es wieder einen Twitchat (#npochat) geben, bei dem wir unsere Fragestellung <b>&#8220;freiwilliges Engagement attraktiver machen &#8212; aber wie?!&#8221; <\/b>im Zeitrahmen einer Stunde auf Twitter diskutieren. Der Termin daf\u00fcr wird noch bekanntgegeben.<br \/>\n<strong>tl;dr: <\/strong><em>Die Wochen des b\u00fcrgerschaftlichen Engagements gehen online! Macht mit bei der #npoblogparade zum freiwilligen Engagement.<\/em><\/p>\n<h2>Eingegangene Beitr\u00e4ge:<\/h2>\n<ul>\n<li><a href=\"https:\/\/hannes-jaehnert.de\/wordpress\/2013\/09\/22\/gute-grunde-fur-das-engagement\/\" target=\"_blank\" rel=\"nofollow noopener\">B\u00fcrgerengagement \u2013 auf Dienstleistungen reduziert und auf \u2018Schreberg\u00e4rten\u2019 verteilt<\/a><\/li>\n<li>Tauschnetzwerke im Freiwilligenmanagement (bei <a href=\"http:\/\/diakonisch.wordpress.com\/2013\/09\/23\/tauschnetzwerke-im-freiwilligenmanagement\/\" target=\"_blank\" rel=\"noopener\">Diakonisch.de<\/a> &amp; <a href=\"http:\/\/blog.nonprofits-vernetzt.de\/index.php\/tauschnetzwerke-im-freiwilligenengagement\/\" target=\"_blank\" rel=\"noopener\">Nonprofits-Vernetzt<\/a>)<\/li>\n<li><a title=\"Wie bringe ich jemanden dazu, sich zu engagieren, anstatt fernzusehen?\" href=\"http:\/\/www.anerkennung-sozial.de\/2013\/09\/wie-bringe-ich-jemanden-dazu-sich-zu-engagieren-anstatt-fernzusehen-beitrag-zur-npoblogparade\/\" target=\"_blank\" rel=\"nofollow noopener\">Wie bringe ich jemanden dazu, sich zu engagieren, anstatt fernzusehen?<\/a><\/li>\n<li><a title=\"Beitrag \" href=\"https:\/\/hannes-jaehnert.de\/wordpress\/2013\/09\/26\/prozess-statt-moment-engagement-braucht-zeit\/\" target=\"_blank\" rel=\"nofollow noopener\">Prozess statt Moment \u2013 Engagement braucht Zeit!<\/a><\/li>\n<li><a href=\"http:\/\/blog.campact.de\/2013\/09\/13899\/\" target=\"_blank\" rel=\"noopener\">Vom Online-Klick zum Demo-Kick<\/a><\/li>\n<li><a href=\"http:\/\/www.zollondz-kommunikation.de\/zollondz-kommunikation\/npoblogparade\/liquid-engagement-freiwilliges-engagement-attraktiver-machen-zur-woche-des-buergerschaftlichen-engagements\/\" target=\"_blank\" rel=\"noopener\">Liquid Engagement \u2013 Freiwilliges Engagement attraktiver machen<\/a><\/li>\n<li>\n<div id=\"stcpDiv\"><a href=\"http:\/\/blog.nonprofits-vernetzt.de\/index.php\/engagement-braucht-pluralitat\/\" target=\"_blank\" rel=\"noopener\">Engagement braucht Pluralit\u00e4t<\/a><\/div>\n<\/li>\n<\/ul>\n<p>&nbsp;<br \/>\n&nbsp;<\/p>\n","protected":false},"excerpt":{"rendered":"<p>Derzeit l\u00e4uft die bundesweite Woche des b\u00fcrgerschaftlichen Engagements, die seit vielen Jahren vom BBE organisiert wird, um das freiwillige Engagement von 23 Millionen B\u00fcrgern in Deutschland zu w\u00fcrdigen. Parallel zur bundesweiten Woche des b\u00fcrgerschaftlichen Engagements fiel am 13. September auch der Startschuss zur Berliner Engagementwoche. Bei beiden Aktionswochen werden im Rahmen vieler Veranstaltungen die zahlreichen [&hellip;]<\/p>\n","protected":false},"author":3,"featured_media":0,"comment_status":"open","ping_status":"open","sticky":false,"template":"","format":"standard","meta":{"footnotes":""},"categories":[27,54],"tags":[395,55,460],"class_list":["post-2845","post","type-post","status-publish","format-standard","hentry","category-blog","category-npo-blogparade","tag-freiwilliges-engagement","tag-npoblogparade","tag-woche-des-burgerschaftlichen-engagements"],"yoast_head":"<!-- This site is optimized with the Yoast SEO plugin v27.2 - https:\/\/yoast.com\/product\/yoast-seo-wordpress\/ -->\n<title>Auftakt zu einer neuen NPO-Blogparade: Freiwilliges Engagement attraktiver machen -- aber wie?! &#8902; Hannes J\u00e4hnert<\/title>\n<meta name=\"robots\" content=\"index, follow, max-snippet:-1, max-image-preview:large, max-video-preview:-1\" \/>\n<link rel=\"canonical\" href=\"https:\/\/hannes-jaehnert.de\/wordpress\/2013\/09\/16\/npoblogparade-freiwilliges-engagement\/\" \/>\n<meta property=\"og:locale\" content=\"de_DE\" \/>\n<meta property=\"og:type\" content=\"article\" \/>\n<meta property=\"og:title\" content=\"Auftakt zu einer neuen NPO-Blogparade: Freiwilliges Engagement attraktiver machen -- aber wie?! &#8902; Hannes J\u00e4hnert\" \/>\n<meta property=\"og:description\" content=\"Derzeit l\u00e4uft die bundesweite Woche des b\u00fcrgerschaftlichen Engagements, die seit vielen Jahren vom BBE organisiert wird, um das freiwillige Engagement von 23 Millionen B\u00fcrgern in Deutschland zu w\u00fcrdigen. Parallel zur bundesweiten Woche des b\u00fcrgerschaftlichen Engagements fiel am 13. September auch der Startschuss zur Berliner Engagementwoche. Bei beiden Aktionswochen werden im Rahmen vieler Veranstaltungen die zahlreichen [&hellip;]\" \/>\n<meta property=\"og:url\" content=\"https:\/\/hannes-jaehnert.de\/wordpress\/2013\/09\/16\/npoblogparade-freiwilliges-engagement\/\" \/>\n<meta property=\"og:site_name\" content=\"Hannes J\u00e4hnert\" \/>\n<meta property=\"article:published_time\" content=\"2013-09-16T14:42:03+00:00\" \/>\n<meta name=\"author\" content=\"foulder\" \/>\n<meta name=\"twitter:card\" content=\"summary_large_image\" \/>\n<meta name=\"twitter:label1\" content=\"Verfasst von\" \/>\n\t<meta name=\"twitter:data1\" content=\"foulder\" \/>\n\t<meta name=\"twitter:label2\" content=\"Gesch\u00e4tzte Lesezeit\" \/>\n\t<meta name=\"twitter:data2\" content=\"3\u00a0Minuten\" \/>\n<script type=\"application\/ld+json\" class=\"yoast-schema-graph\">{\"@context\":\"https:\/\/schema.org\",\"@graph\":[{\"@type\":\"Article\",\"@id\":\"https:\/\/hannes-jaehnert.de\/wordpress\/2013\/09\/16\/npoblogparade-freiwilliges-engagement\/#article\",\"isPartOf\":{\"@id\":\"https:\/\/hannes-jaehnert.de\/wordpress\/2013\/09\/16\/npoblogparade-freiwilliges-engagement\/\"},\"author\":{\"name\":\"foulder\",\"@id\":\"https:\/\/hannes-jaehnert.de\/wordpress\/#\/schema\/person\/1ab60f3bc0cd8e11ede09e5dc21d43b5\"},\"headline\":\"Auftakt zu einer neuen NPO-Blogparade: Freiwilliges Engagement attraktiver machen &#8212; aber wie?!\",\"datePublished\":\"2013-09-16T14:42:03+00:00\",\"mainEntityOfPage\":{\"@id\":\"https:\/\/hannes-jaehnert.de\/wordpress\/2013\/09\/16\/npoblogparade-freiwilliges-engagement\/\"},\"wordCount\":623,\"commentCount\":2,\"publisher\":{\"@id\":\"https:\/\/hannes-jaehnert.de\/wordpress\/#\/schema\/person\/1ab60f3bc0cd8e11ede09e5dc21d43b5\"},\"keywords\":[\"freiwilliges Engagement\",\"npoblogparade\",\"Woche des b\u00fcrgerschaftlichen Engagements\"],\"articleSection\":[\"Blog\",\"NPO-Blogparade\"],\"inLanguage\":\"de\",\"potentialAction\":[{\"@type\":\"CommentAction\",\"name\":\"Comment\",\"target\":[\"https:\/\/hannes-jaehnert.de\/wordpress\/2013\/09\/16\/npoblogparade-freiwilliges-engagement\/#respond\"]}]},{\"@type\":\"WebPage\",\"@id\":\"https:\/\/hannes-jaehnert.de\/wordpress\/2013\/09\/16\/npoblogparade-freiwilliges-engagement\/\",\"url\":\"https:\/\/hannes-jaehnert.de\/wordpress\/2013\/09\/16\/npoblogparade-freiwilliges-engagement\/\",\"name\":\"Auftakt zu einer neuen NPO-Blogparade: Freiwilliges Engagement attraktiver machen -- aber wie?! &#8902; Hannes J\u00e4hnert\",\"isPartOf\":{\"@id\":\"https:\/\/hannes-jaehnert.de\/wordpress\/#website\"},\"datePublished\":\"2013-09-16T14:42:03+00:00\",\"breadcrumb\":{\"@id\":\"https:\/\/hannes-jaehnert.de\/wordpress\/2013\/09\/16\/npoblogparade-freiwilliges-engagement\/#breadcrumb\"},\"inLanguage\":\"de\",\"potentialAction\":[{\"@type\":\"ReadAction\",\"target\":[\"https:\/\/hannes-jaehnert.de\/wordpress\/2013\/09\/16\/npoblogparade-freiwilliges-engagement\/\"]}]},{\"@type\":\"BreadcrumbList\",\"@id\":\"https:\/\/hannes-jaehnert.de\/wordpress\/2013\/09\/16\/npoblogparade-freiwilliges-engagement\/#breadcrumb\",\"itemListElement\":[{\"@type\":\"ListItem\",\"position\":1,\"name\":\"Home\",\"item\":\"https:\/\/hannes-jaehnert.de\/wordpress\/\"},{\"@type\":\"ListItem\",\"position\":2,\"name\":\"Auftakt zu einer neuen NPO-Blogparade: Freiwilliges Engagement attraktiver machen &#8212; aber wie?!\"}]},{\"@type\":\"WebSite\",\"@id\":\"https:\/\/hannes-jaehnert.de\/wordpress\/#website\",\"url\":\"https:\/\/hannes-jaehnert.de\/wordpress\/\",\"name\":\"Hannes J\u00e4hnert\",\"description\":\"Engagementblogger &amp; Freizeitforscher\",\"publisher\":{\"@id\":\"https:\/\/hannes-jaehnert.de\/wordpress\/#\/schema\/person\/1ab60f3bc0cd8e11ede09e5dc21d43b5\"},\"potentialAction\":[{\"@type\":\"SearchAction\",\"target\":{\"@type\":\"EntryPoint\",\"urlTemplate\":\"https:\/\/hannes-jaehnert.de\/wordpress\/?s={search_term_string}\"},\"query-input\":{\"@type\":\"PropertyValueSpecification\",\"valueRequired\":true,\"valueName\":\"search_term_string\"}}],\"inLanguage\":\"de\"},{\"@type\":[\"Person\",\"Organization\"],\"@id\":\"https:\/\/hannes-jaehnert.de\/wordpress\/#\/schema\/person\/1ab60f3bc0cd8e11ede09e5dc21d43b5\",\"name\":\"foulder\",\"image\":{\"@type\":\"ImageObject\",\"inLanguage\":\"de\",\"@id\":\"https:\/\/hannes-jaehnert.de\/wordpress\/wp-content\/uploads\/2021\/02\/hannes-jaehnert_gemacht.jpg\",\"url\":\"https:\/\/hannes-jaehnert.de\/wordpress\/wp-content\/uploads\/2021\/02\/hannes-jaehnert_gemacht.jpg\",\"contentUrl\":\"https:\/\/hannes-jaehnert.de\/wordpress\/wp-content\/uploads\/2021\/02\/hannes-jaehnert_gemacht.jpg\",\"width\":2000,\"height\":2000,\"caption\":\"foulder\"},\"logo\":{\"@id\":\"https:\/\/hannes-jaehnert.de\/wordpress\/wp-content\/uploads\/2021\/02\/hannes-jaehnert_gemacht.jpg\"},\"url\":\"https:\/\/hannes-jaehnert.de\/wordpress\/author\/foulder\/\"}]}<\/script>\n<!-- \/ Yoast SEO plugin. -->","yoast_head_json":{"title":"Auftakt zu einer neuen NPO-Blogparade: Freiwilliges Engagement attraktiver machen -- aber wie?! &#8902; Hannes J\u00e4hnert","robots":{"index":"index","follow":"follow","max-snippet":"max-snippet:-1","max-image-preview":"max-image-preview:large","max-video-preview":"max-video-preview:-1"},"canonical":"https:\/\/hannes-jaehnert.de\/wordpress\/2013\/09\/16\/npoblogparade-freiwilliges-engagement\/","og_locale":"de_DE","og_type":"article","og_title":"Auftakt zu einer neuen NPO-Blogparade: Freiwilliges Engagement attraktiver machen -- aber wie?! &#8902; Hannes J\u00e4hnert","og_description":"Derzeit l\u00e4uft die bundesweite Woche des b\u00fcrgerschaftlichen Engagements, die seit vielen Jahren vom BBE organisiert wird, um das freiwillige Engagement von 23 Millionen B\u00fcrgern in Deutschland zu w\u00fcrdigen. Parallel zur bundesweiten Woche des b\u00fcrgerschaftlichen Engagements fiel am 13. September auch der Startschuss zur Berliner Engagementwoche. Bei beiden Aktionswochen werden im Rahmen vieler Veranstaltungen die zahlreichen [&hellip;]","og_url":"https:\/\/hannes-jaehnert.de\/wordpress\/2013\/09\/16\/npoblogparade-freiwilliges-engagement\/","og_site_name":"Hannes J\u00e4hnert","article_published_time":"2013-09-16T14:42:03+00:00","author":"foulder","twitter_card":"summary_large_image","twitter_misc":{"Verfasst von":"foulder","Gesch\u00e4tzte Lesezeit":"3\u00a0Minuten"},"schema":{"@context":"https:\/\/schema.org","@graph":[{"@type":"Article","@id":"https:\/\/hannes-jaehnert.de\/wordpress\/2013\/09\/16\/npoblogparade-freiwilliges-engagement\/#article","isPartOf":{"@id":"https:\/\/hannes-jaehnert.de\/wordpress\/2013\/09\/16\/npoblogparade-freiwilliges-engagement\/"},"author":{"name":"foulder","@id":"https:\/\/hannes-jaehnert.de\/wordpress\/#\/schema\/person\/1ab60f3bc0cd8e11ede09e5dc21d43b5"},"headline":"Auftakt zu einer neuen NPO-Blogparade: Freiwilliges Engagement attraktiver machen &#8212; aber wie?!","datePublished":"2013-09-16T14:42:03+00:00","mainEntityOfPage":{"@id":"https:\/\/hannes-jaehnert.de\/wordpress\/2013\/09\/16\/npoblogparade-freiwilliges-engagement\/"},"wordCount":623,"commentCount":2,"publisher":{"@id":"https:\/\/hannes-jaehnert.de\/wordpress\/#\/schema\/person\/1ab60f3bc0cd8e11ede09e5dc21d43b5"},"keywords":["freiwilliges Engagement","npoblogparade","Woche des b\u00fcrgerschaftlichen Engagements"],"articleSection":["Blog","NPO-Blogparade"],"inLanguage":"de","potentialAction":[{"@type":"CommentAction","name":"Comment","target":["https:\/\/hannes-jaehnert.de\/wordpress\/2013\/09\/16\/npoblogparade-freiwilliges-engagement\/#respond"]}]},{"@type":"WebPage","@id":"https:\/\/hannes-jaehnert.de\/wordpress\/2013\/09\/16\/npoblogparade-freiwilliges-engagement\/","url":"https:\/\/hannes-jaehnert.de\/wordpress\/2013\/09\/16\/npoblogparade-freiwilliges-engagement\/","name":"Auftakt zu einer neuen NPO-Blogparade: Freiwilliges Engagement attraktiver machen -- aber wie?! &#8902; Hannes J\u00e4hnert","isPartOf":{"@id":"https:\/\/hannes-jaehnert.de\/wordpress\/#website"},"datePublished":"2013-09-16T14:42:03+00:00","breadcrumb":{"@id":"https:\/\/hannes-jaehnert.de\/wordpress\/2013\/09\/16\/npoblogparade-freiwilliges-engagement\/#breadcrumb"},"inLanguage":"de","potentialAction":[{"@type":"ReadAction","target":["https:\/\/hannes-jaehnert.de\/wordpress\/2013\/09\/16\/npoblogparade-freiwilliges-engagement\/"]}]},{"@type":"BreadcrumbList","@id":"https:\/\/hannes-jaehnert.de\/wordpress\/2013\/09\/16\/npoblogparade-freiwilliges-engagement\/#breadcrumb","itemListElement":[{"@type":"ListItem","position":1,"name":"Home","item":"https:\/\/hannes-jaehnert.de\/wordpress\/"},{"@type":"ListItem","position":2,"name":"Auftakt zu einer neuen NPO-Blogparade: Freiwilliges Engagement attraktiver machen &#8212; aber wie?!"}]},{"@type":"WebSite","@id":"https:\/\/hannes-jaehnert.de\/wordpress\/#website","url":"https:\/\/hannes-jaehnert.de\/wordpress\/","name":"Hannes J\u00e4hnert","description":"Engagementblogger &amp; Freizeitforscher","publisher":{"@id":"https:\/\/hannes-jaehnert.de\/wordpress\/#\/schema\/person\/1ab60f3bc0cd8e11ede09e5dc21d43b5"},"potentialAction":[{"@type":"SearchAction","target":{"@type":"EntryPoint","urlTemplate":"https:\/\/hannes-jaehnert.de\/wordpress\/?s={search_term_string}"},"query-input":{"@type":"PropertyValueSpecification","valueRequired":true,"valueName":"search_term_string"}}],"inLanguage":"de"},{"@type":["Person","Organization"],"@id":"https:\/\/hannes-jaehnert.de\/wordpress\/#\/schema\/person\/1ab60f3bc0cd8e11ede09e5dc21d43b5","name":"foulder","image":{"@type":"ImageObject","inLanguage":"de","@id":"https:\/\/hannes-jaehnert.de\/wordpress\/wp-content\/uploads\/2021\/02\/hannes-jaehnert_gemacht.jpg","url":"https:\/\/hannes-jaehnert.de\/wordpress\/wp-content\/uploads\/2021\/02\/hannes-jaehnert_gemacht.jpg","contentUrl":"https:\/\/hannes-jaehnert.de\/wordpress\/wp-content\/uploads\/2021\/02\/hannes-jaehnert_gemacht.jpg","width":2000,"height":2000,"caption":"foulder"},"logo":{"@id":"https:\/\/hannes-jaehnert.de\/wordpress\/wp-content\/uploads\/2021\/02\/hannes-jaehnert_gemacht.jpg"},"url":"https:\/\/hannes-jaehnert.de\/wordpress\/author\/foulder\/"}]}},"views":2210,"_links":{"self":[{"href":"https:\/\/hannes-jaehnert.de\/wordpress\/wp-json\/wp\/v2\/posts\/2845","targetHints":{"allow":["GET"]}}],"collection":[{"href":"https:\/\/hannes-jaehnert.de\/wordpress\/wp-json\/wp\/v2\/posts"}],"about":[{"href":"https:\/\/hannes-jaehnert.de\/wordpress\/wp-json\/wp\/v2\/types\/post"}],"author":[{"embeddable":true,"href":"https:\/\/hannes-jaehnert.de\/wordpress\/wp-json\/wp\/v2\/users\/3"}],"replies":[{"embeddable":true,"href":"https:\/\/hannes-jaehnert.de\/wordpress\/wp-json\/wp\/v2\/comments?post=2845"}],"version-history":[{"count":0,"href":"https:\/\/hannes-jaehnert.de\/wordpress\/wp-json\/wp\/v2\/posts\/2845\/revisions"}],"wp:attachment":[{"href":"https:\/\/hannes-jaehnert.de\/wordpress\/wp-json\/wp\/v2\/media?parent=2845"}],"wp:term":[{"taxonomy":"category","embeddable":true,"href":"https:\/\/hannes-jaehnert.de\/wordpress\/wp-json\/wp\/v2\/categories?post=2845"},{"taxonomy":"post_tag","embeddable":true,"href":"https:\/\/hannes-jaehnert.de\/wordpress\/wp-json\/wp\/v2\/tags?post=2845"}],"curies":[{"name":"wp","href":"https:\/\/api.w.org\/{rel}","templated":true}]}}