{"id":3396,"date":"2017-03-14T20:08:20","date_gmt":"2017-03-14T19:08:20","guid":{"rendered":"https:\/\/hannes-jaehnert.de\/wordpress\/?p=3396"},"modified":"2017-03-14T20:08:20","modified_gmt":"2017-03-14T19:08:20","slug":"wir-lernen-das-gemeinsam","status":"publish","type":"post","link":"https:\/\/hannes-jaehnert.de\/wordpress\/2017\/03\/14\/wir-lernen-das-gemeinsam\/","title":{"rendered":"Wir lernen das; gemeinsam!"},"content":{"rendered":"<p><a href=\"http:\/\/www.opentransfer.de\/9794\/npo-blogparade-mehr-patenschaften-braucht-das-land\/\" target=\"_blank\" rel=\"noopener\">OpenTransfer<\/a> und <a href=\"http:\/\/blog.nonprofits-vernetzt.de\/aufruf-zur-29-runde-der-npo-blogparade-thema-patenschaften\/\" target=\"_blank\" rel=\"noopener\">Nonprofit-Vernetzt<\/a> fragen in der <a href=\"https:\/\/npoblogparade.wordpress.com\/2017\/03\/05\/neue-npo-blogparade-mehr-patenschaften-braucht-das-land\/\" target=\"_blank\" rel=\"noopener\">aktuellen NPO-Blogparade<\/a> wie man noch mehr Menschen in Deutschland f\u00fcr Patenschaften begeistern kann und wie es gelingt, Patenschaftsprojekte gro\u00df zu machen. Als ehemaliger Koordinator des Patenschaftprogramms beim <a href=\"http:\/\/www.drk.de\/\" target=\"_blank\" rel=\"noopener\">DRK<\/a> durfte ich ein Projekt begleiten, bei dem wir zusammen mit <a href=\"http:\/\/thechanger.org\/\" target=\"_blank\" rel=\"noopener\">The Changer<\/a> das Patenschaftsprogramm des Deutschen Roten Kreuzes vorgestellt haben. Davon m\u00f6chte ich gern berichten.<\/p>\n<h1>Neue Zusammenarbeit<\/h1>\n<p>Mit dem Patenschaftsprogramm &#8220;Menschen st\u00e4rken Menschen&#8221; sollte die spontane Hilfsbereitschaft tausender Menschen in m\u00f6glichst dauerhaftes Engagement \u00fcberf\u00fchrt werden, erkl\u00e4rte Elke Ferner, parlamentarische Staatssekret\u00e4rin im BMFSFJ, den Mitgliedern des Unterausschusses B\u00fcrgerschaftliches Engagement Mitte April 2016.<a href=\"#_edn1\" name=\"_ednref1\">[i]<\/a> Und in der Tat, zahlreiche Engagierte, die noch nie zuvor mit Verb\u00e4nden der deutschen Wohlfahrtspflege in Kontakt gekommen sind, haben sich genau hier engagiert.<br \/>\nDiese &#8216;neue Zusammenarbeit&#8217; fand nicht nur auf der praktischen Ebene der Tr\u00e4ger und Projekte statt. Auch auf koordinierender Ebene tauchten neue Player auf. Bei uns&nbsp;The Changer, eine Job-Plattform f\u00fcr Young Professionals mit Interesse an sozialen Themen, mit denen wir ein Medienprojekt starteten. Unter dem Hashtag <a href=\"http:\/\/thechanger.org\/tags\/eyjaan\" target=\"_blank\" rel=\"noopener\">#eyjaan<\/a> potraitierten die Kolleginnen und Kollegen um Naomi Ryland eine Patenschaftsgruppe aus unserem Tr\u00e4gerkreis und machten das DRK als Akteur im sozialen Bereich in ihrer Community sichtbar.<\/p>\n<h1>#EYJAAN<\/h1>\n<p>Als wir uns mit Naomi Mitte 2016 trafen und die Medienpartnerschaft vereinbarten, war es ein Experiment. \u00dcblicher Weise werden Projekte der <a href=\"https:\/\/www.drk-wohlfahrt.de\" target=\"_blank\" rel=\"noopener\">DRK-Wohlfahrtspflege<\/a> nur selten in den Sozialen Medien dargestellt. Dass nun einmal ein konkretes Projekt aus dem DRK aufgegriffen und als sechsteilige Geschichte aufbereitet werden sollte, war neu. W\u00fcrde sich einer unserer Tr\u00e4ger darauf einlassen? Wie ist das dann mit den Drehgenehmigungen, wie mit den Freigabeschleifen? Praktische Fragen, die, weil nicht allgemein gekl\u00e4rt, sicherlich eine der wesentlichen H\u00fcrden f\u00fcr solche Projekte sind.<br \/>\nNun lassen sich diese Fragen aber nicht allgemein kl\u00e4ren, weshalb wir uns &#8216;freih\u00e4ndig&#8217; auf die Suche nach einem geeigneten Projekt begeben haben. Gefunden haben wir den Trupp in Bad Homburg: Eine junge Ehrenamtskoordinatorin, eine willige Einrichtungsleitung, eine Crew aus zwei Patinnen und sechs Gefl\u00fcchteten mit erz\u00e4hlenswerten Geschichten und ein Kreisverband mit gen\u00fcgend Humor. Beste Voraussetzungen also! Es konnte losgehen.<br \/>\nNach einigen Absprachen und ersten Skype-Gespr\u00e4chen mit den Engagierten, flatterte der erste Textentwurf im Sp\u00e4tsommer in mein Postfach. Die Frage der Autorin: &#8220;K\u00f6nnen wir das so machen?&#8221; Ein bisschen Unsicherheit; beiderseits. Der Text las sich ein bisschen hakelig, stellenweise ziemlich kitschig. Er erinnerte mich schwer an die BILD. Definitiv nichts, was ich auf Arbeit sonst so zu lesen bekomme! Aber genauso war das ja auch gewollt: andere Zielgruppe, andere Sprache. Meine Antwort also: &#8220;Klar!&#8221; mit der Erg\u00e4nzung: &#8220;Die Freigabeschleife folgt dann aber noch!&#8221; Nur so zur Sicherheit.<br \/>\nIn den darauffolgenden Monaten wurde die Zusammenarbeit immer fluffiger und die einzelnen Teile der Reihe fanden nach und nach ihren Weg in den Community-Bereich von The Changer. Mein Favorit <a href=\"http:\/\/thechanger.org\/community\/freiwillige-und-gefluechtete\" target=\"_blank\" rel=\"noopener\">&#8220;\u00dcber Freiwillige und Gefl\u00fcchtete&#8221;<\/a>, in dem die Mitarbeitenden des DRK vor Ort zu Wort kamen, war Anfang November dran. Und kurz vor Weihnachten kam dann das &#8216;Staffelfinale&#8217; <a href=\"http:\/\/thechanger.org\/community\/ehrenamt-fluchtlinge-patenschaft-deutsches-rotes-kreuz\" target=\"_blank\" rel=\"noopener\">&#8220;Aus Patenschaft wird Freundschaft&#8221;<\/a>, in dem die Geschichte noch einmal im Video-Format zusammengefasst wurde.<br \/>\n<iframe loading=\"lazy\" width=\"720\" height=\"405\" src=\"https:\/\/www.youtube.com\/embed\/9uaoAcGevuw?feature=oembed\" frameborder=\"0\" allowfullscreen><\/iframe><br \/>\nAlles in allem also eine runde Sache. Ein gutes Ergebnis und viel, was wir daraus lernen k\u00f6nnen.<\/p>\n<h1>So geht Integration<\/h1>\n<p><strong>Zun\u00e4chst nat\u00fcrlich die Engagierten:<\/strong> Im Patenschaftsprogramm sollen Engagierte und Gefl\u00fcchtete zusammenfinden und voneinander lernen (Integration). Mit punktuellem Engagement einzelner Initiativen, die im (medialen) Hoch der Fl\u00fcchtlingswelle eine inspirierende Willkommenskultur erzeugten, ist das kaum zu leisen. Mit den Strukturen der deutschen Wohlfahrtspflege schon. Auch hier haben sich viele Menschen im positivsten Sinne &#8216;anstecken&#8217; lassen. Gemalt haben das positive Bild der Deutschen in der so genannten &#8216;Fl\u00fcchtlingskrise&#8217; &nbsp;aber&nbsp;kleinere Initiativen engagierter B\u00fcrgerinnen und B\u00fcrger. Die Gruppe aus Bad Homburg zeigt, dass beides zusammen geht: Eigene Initiative und viel Engagement unterst\u00fctzt durch professionelle Begleitung unter dem Dach eines Wohlfahrtsverbandes mit bew\u00e4hrten Strukturen und einiger Tradition.<br \/>\n<strong>Dann die eigenen Bedenken: <\/strong>Medienkooperationen bieten die M\u00f6glichkeit, Inhalte f\u00fcr Zielgruppen aufzubereiten, die man sonst nicht erreicht. Das geht \u00fcber die einfache Beauftragung einer Schreibkraft weit hinaus und reicht bis an den Rand dessen, was man als Kontrollverlust empfinden kann. Vor der ersten Freigabeschleife im DRK-Generalsekretariat zumindest kam es mir so vor. In der Tat gab ich den ersten Text nur mit einem ordentlichen Vermerk in den Umlauf, in dem ich noch einmal an das Ziel des Projektes erinnerte und die besondere Schreibe damit zu rechtfertigen suchte. Nach der kurzen R\u00fcckmeldung, dass das so in Ordnung gehe, fielen die n\u00e4chsten Freigaben wesentlich leichter.<br \/>\n<strong>Und schlie\u00dflich das gemeinsame Lernen: <\/strong>Die &#8216;neue Zusammenarbeit&#8217; &#8212; ob nun als Medienkooperation oder im praktischen Engagement vor Ort &#8212; ist f\u00fcr alle Beteiligten vor allem eins: neu. Wer auf der einen Seite noch nie etwas mit dem inneren eines Verbandes zu tun hatte, mag den Kopf \u00fcber die Freigabe von Blogpostings sch\u00fctteln und h\u00e4tte dabei wohl nicht ganz Unrecht. Auf der anderen Seite allerdings sieht es ganz \u00e4hnlich aus: Wer in den Sozialen Medien noch nie f\u00fcr mehr als seine &#8216;echten Freunde&#8217; in der Kontaktliste hatte, br\u00fcskiert sich mithin ob der Oberfl\u00e4chlichkeit und des Umgangstons im Netz und hat auch nicht ganz Unrecht!<a href=\"#_edn2\" name=\"_ednref2\">[ii]<\/a> Wenn es nun also darum geht, aus seiner Blase herauszukommen, braucht es deshalb vor allem Mut, Mut neue Dinge auszuprobieren und von anderen zu lernen. Auch das ist Integration!<br \/>\n<strong>tl;dr: <\/strong><em>Die &#8216;neue Zusammenarbeit&#8217; birgt gro\u00dfes Potential! Sie muss aber einge\u00fcbt werden; gemeinsam! <\/em><br \/>\n<a href=\"#_ednref1\" name=\"_edn1\">[i]<\/a>&nbsp; <a href=\"https:\/\/www.bundestag.de\/blob\/420706\/ca878121caaa586379106294300b232d\/22_sitzung_kurzprotokoll_oeff-data.pdf\">Protokoll der 22. Sitzung vom 13. April 2016 S. 10<\/a><br \/>\n<a href=\"#_ednref2\" name=\"_edn2\">[ii]<\/a> Social Media muss man leben lernen! Der <a href=\"https:\/\/hannes-jaehnert.de\/wordpress\/2012\/04\/26\/kulturschock-social-web-soziale-medien-kennen-und-leben-lernen\/\" target=\"_blank\" rel=\"noopener\">Kulturschock ist nicht zu vermeiden<\/a>.<\/p>\n","protected":false},"excerpt":{"rendered":"<p>OpenTransfer und Nonprofit-Vernetzt fragen in der aktuellen NPO-Blogparade wie man noch mehr Menschen in Deutschland f\u00fcr Patenschaften begeistern kann und wie es gelingt, Patenschaftsprojekte gro\u00df zu machen. Als ehemaliger Koordinator des Patenschaftprogramms beim DRK durfte ich ein Projekt begleiten, bei dem wir zusammen mit The Changer das Patenschaftsprogramm des Deutschen Roten Kreuzes vorgestellt haben. Davon [&hellip;]<\/p>\n","protected":false},"author":3,"featured_media":0,"comment_status":"open","ping_status":"open","sticky":false,"template":"","format":"standard","meta":{"footnotes":""},"categories":[27,54],"tags":[526,530,55],"class_list":["post-3396","post","type-post","status-publish","format-standard","hentry","category-blog","category-npo-blogparade","tag-meinjob","tag-integration","tag-npoblogparade"],"yoast_head":"<!-- This site is optimized with the Yoast SEO plugin v27.2 - https:\/\/yoast.com\/product\/yoast-seo-wordpress\/ -->\n<title>Wir lernen das; gemeinsam! &#8902; Hannes J\u00e4hnert<\/title>\n<meta name=\"robots\" content=\"index, follow, max-snippet:-1, max-image-preview:large, max-video-preview:-1\" \/>\n<link rel=\"canonical\" href=\"https:\/\/hannes-jaehnert.de\/wordpress\/2017\/03\/14\/wir-lernen-das-gemeinsam\/\" \/>\n<meta property=\"og:locale\" content=\"de_DE\" \/>\n<meta property=\"og:type\" content=\"article\" \/>\n<meta property=\"og:title\" content=\"Wir lernen das; gemeinsam! &#8902; Hannes J\u00e4hnert\" \/>\n<meta property=\"og:description\" content=\"OpenTransfer und Nonprofit-Vernetzt fragen in der aktuellen NPO-Blogparade wie man noch mehr Menschen in Deutschland f\u00fcr Patenschaften begeistern kann und wie es gelingt, Patenschaftsprojekte gro\u00df zu machen. Als ehemaliger Koordinator des Patenschaftprogramms beim DRK durfte ich ein Projekt begleiten, bei dem wir zusammen mit The Changer das Patenschaftsprogramm des Deutschen Roten Kreuzes vorgestellt haben. Davon [&hellip;]\" \/>\n<meta property=\"og:url\" content=\"https:\/\/hannes-jaehnert.de\/wordpress\/2017\/03\/14\/wir-lernen-das-gemeinsam\/\" \/>\n<meta property=\"og:site_name\" content=\"Hannes J\u00e4hnert\" \/>\n<meta property=\"article:published_time\" content=\"2017-03-14T19:08:20+00:00\" \/>\n<meta name=\"author\" content=\"foulder\" \/>\n<meta name=\"twitter:card\" content=\"summary_large_image\" \/>\n<meta name=\"twitter:label1\" content=\"Verfasst von\" \/>\n\t<meta name=\"twitter:data1\" content=\"foulder\" \/>\n\t<meta name=\"twitter:label2\" content=\"Gesch\u00e4tzte Lesezeit\" \/>\n\t<meta name=\"twitter:data2\" content=\"5\u00a0Minuten\" \/>\n<script type=\"application\/ld+json\" class=\"yoast-schema-graph\">{\"@context\":\"https:\/\/schema.org\",\"@graph\":[{\"@type\":\"Article\",\"@id\":\"https:\/\/hannes-jaehnert.de\/wordpress\/2017\/03\/14\/wir-lernen-das-gemeinsam\/#article\",\"isPartOf\":{\"@id\":\"https:\/\/hannes-jaehnert.de\/wordpress\/2017\/03\/14\/wir-lernen-das-gemeinsam\/\"},\"author\":{\"name\":\"foulder\",\"@id\":\"https:\/\/hannes-jaehnert.de\/wordpress\/#\/schema\/person\/1ab60f3bc0cd8e11ede09e5dc21d43b5\"},\"headline\":\"Wir lernen das; gemeinsam!\",\"datePublished\":\"2017-03-14T19:08:20+00:00\",\"mainEntityOfPage\":{\"@id\":\"https:\/\/hannes-jaehnert.de\/wordpress\/2017\/03\/14\/wir-lernen-das-gemeinsam\/\"},\"wordCount\":945,\"commentCount\":0,\"publisher\":{\"@id\":\"https:\/\/hannes-jaehnert.de\/wordpress\/#\/schema\/person\/1ab60f3bc0cd8e11ede09e5dc21d43b5\"},\"keywords\":[\"#meinjob\",\"Integration\",\"npoblogparade\"],\"articleSection\":[\"Blog\",\"NPO-Blogparade\"],\"inLanguage\":\"de\",\"potentialAction\":[{\"@type\":\"CommentAction\",\"name\":\"Comment\",\"target\":[\"https:\/\/hannes-jaehnert.de\/wordpress\/2017\/03\/14\/wir-lernen-das-gemeinsam\/#respond\"]}]},{\"@type\":\"WebPage\",\"@id\":\"https:\/\/hannes-jaehnert.de\/wordpress\/2017\/03\/14\/wir-lernen-das-gemeinsam\/\",\"url\":\"https:\/\/hannes-jaehnert.de\/wordpress\/2017\/03\/14\/wir-lernen-das-gemeinsam\/\",\"name\":\"Wir lernen das; gemeinsam! &#8902; Hannes J\u00e4hnert\",\"isPartOf\":{\"@id\":\"https:\/\/hannes-jaehnert.de\/wordpress\/#website\"},\"datePublished\":\"2017-03-14T19:08:20+00:00\",\"breadcrumb\":{\"@id\":\"https:\/\/hannes-jaehnert.de\/wordpress\/2017\/03\/14\/wir-lernen-das-gemeinsam\/#breadcrumb\"},\"inLanguage\":\"de\",\"potentialAction\":[{\"@type\":\"ReadAction\",\"target\":[\"https:\/\/hannes-jaehnert.de\/wordpress\/2017\/03\/14\/wir-lernen-das-gemeinsam\/\"]}]},{\"@type\":\"BreadcrumbList\",\"@id\":\"https:\/\/hannes-jaehnert.de\/wordpress\/2017\/03\/14\/wir-lernen-das-gemeinsam\/#breadcrumb\",\"itemListElement\":[{\"@type\":\"ListItem\",\"position\":1,\"name\":\"Home\",\"item\":\"https:\/\/hannes-jaehnert.de\/wordpress\/\"},{\"@type\":\"ListItem\",\"position\":2,\"name\":\"Wir lernen das; gemeinsam!\"}]},{\"@type\":\"WebSite\",\"@id\":\"https:\/\/hannes-jaehnert.de\/wordpress\/#website\",\"url\":\"https:\/\/hannes-jaehnert.de\/wordpress\/\",\"name\":\"Hannes J\u00e4hnert\",\"description\":\"Engagementblogger &amp; Freizeitforscher\",\"publisher\":{\"@id\":\"https:\/\/hannes-jaehnert.de\/wordpress\/#\/schema\/person\/1ab60f3bc0cd8e11ede09e5dc21d43b5\"},\"potentialAction\":[{\"@type\":\"SearchAction\",\"target\":{\"@type\":\"EntryPoint\",\"urlTemplate\":\"https:\/\/hannes-jaehnert.de\/wordpress\/?s={search_term_string}\"},\"query-input\":{\"@type\":\"PropertyValueSpecification\",\"valueRequired\":true,\"valueName\":\"search_term_string\"}}],\"inLanguage\":\"de\"},{\"@type\":[\"Person\",\"Organization\"],\"@id\":\"https:\/\/hannes-jaehnert.de\/wordpress\/#\/schema\/person\/1ab60f3bc0cd8e11ede09e5dc21d43b5\",\"name\":\"foulder\",\"image\":{\"@type\":\"ImageObject\",\"inLanguage\":\"de\",\"@id\":\"https:\/\/hannes-jaehnert.de\/wordpress\/wp-content\/uploads\/2021\/02\/hannes-jaehnert_gemacht.jpg\",\"url\":\"https:\/\/hannes-jaehnert.de\/wordpress\/wp-content\/uploads\/2021\/02\/hannes-jaehnert_gemacht.jpg\",\"contentUrl\":\"https:\/\/hannes-jaehnert.de\/wordpress\/wp-content\/uploads\/2021\/02\/hannes-jaehnert_gemacht.jpg\",\"width\":2000,\"height\":2000,\"caption\":\"foulder\"},\"logo\":{\"@id\":\"https:\/\/hannes-jaehnert.de\/wordpress\/wp-content\/uploads\/2021\/02\/hannes-jaehnert_gemacht.jpg\"},\"url\":\"https:\/\/hannes-jaehnert.de\/wordpress\/author\/foulder\/\"}]}<\/script>\n<!-- \/ Yoast SEO plugin. -->","yoast_head_json":{"title":"Wir lernen das; gemeinsam! &#8902; Hannes J\u00e4hnert","robots":{"index":"index","follow":"follow","max-snippet":"max-snippet:-1","max-image-preview":"max-image-preview:large","max-video-preview":"max-video-preview:-1"},"canonical":"https:\/\/hannes-jaehnert.de\/wordpress\/2017\/03\/14\/wir-lernen-das-gemeinsam\/","og_locale":"de_DE","og_type":"article","og_title":"Wir lernen das; gemeinsam! &#8902; Hannes J\u00e4hnert","og_description":"OpenTransfer und Nonprofit-Vernetzt fragen in der aktuellen NPO-Blogparade wie man noch mehr Menschen in Deutschland f\u00fcr Patenschaften begeistern kann und wie es gelingt, Patenschaftsprojekte gro\u00df zu machen. Als ehemaliger Koordinator des Patenschaftprogramms beim DRK durfte ich ein Projekt begleiten, bei dem wir zusammen mit The Changer das Patenschaftsprogramm des Deutschen Roten Kreuzes vorgestellt haben. Davon [&hellip;]","og_url":"https:\/\/hannes-jaehnert.de\/wordpress\/2017\/03\/14\/wir-lernen-das-gemeinsam\/","og_site_name":"Hannes J\u00e4hnert","article_published_time":"2017-03-14T19:08:20+00:00","author":"foulder","twitter_card":"summary_large_image","twitter_misc":{"Verfasst von":"foulder","Gesch\u00e4tzte Lesezeit":"5\u00a0Minuten"},"schema":{"@context":"https:\/\/schema.org","@graph":[{"@type":"Article","@id":"https:\/\/hannes-jaehnert.de\/wordpress\/2017\/03\/14\/wir-lernen-das-gemeinsam\/#article","isPartOf":{"@id":"https:\/\/hannes-jaehnert.de\/wordpress\/2017\/03\/14\/wir-lernen-das-gemeinsam\/"},"author":{"name":"foulder","@id":"https:\/\/hannes-jaehnert.de\/wordpress\/#\/schema\/person\/1ab60f3bc0cd8e11ede09e5dc21d43b5"},"headline":"Wir lernen das; gemeinsam!","datePublished":"2017-03-14T19:08:20+00:00","mainEntityOfPage":{"@id":"https:\/\/hannes-jaehnert.de\/wordpress\/2017\/03\/14\/wir-lernen-das-gemeinsam\/"},"wordCount":945,"commentCount":0,"publisher":{"@id":"https:\/\/hannes-jaehnert.de\/wordpress\/#\/schema\/person\/1ab60f3bc0cd8e11ede09e5dc21d43b5"},"keywords":["#meinjob","Integration","npoblogparade"],"articleSection":["Blog","NPO-Blogparade"],"inLanguage":"de","potentialAction":[{"@type":"CommentAction","name":"Comment","target":["https:\/\/hannes-jaehnert.de\/wordpress\/2017\/03\/14\/wir-lernen-das-gemeinsam\/#respond"]}]},{"@type":"WebPage","@id":"https:\/\/hannes-jaehnert.de\/wordpress\/2017\/03\/14\/wir-lernen-das-gemeinsam\/","url":"https:\/\/hannes-jaehnert.de\/wordpress\/2017\/03\/14\/wir-lernen-das-gemeinsam\/","name":"Wir lernen das; gemeinsam! &#8902; Hannes J\u00e4hnert","isPartOf":{"@id":"https:\/\/hannes-jaehnert.de\/wordpress\/#website"},"datePublished":"2017-03-14T19:08:20+00:00","breadcrumb":{"@id":"https:\/\/hannes-jaehnert.de\/wordpress\/2017\/03\/14\/wir-lernen-das-gemeinsam\/#breadcrumb"},"inLanguage":"de","potentialAction":[{"@type":"ReadAction","target":["https:\/\/hannes-jaehnert.de\/wordpress\/2017\/03\/14\/wir-lernen-das-gemeinsam\/"]}]},{"@type":"BreadcrumbList","@id":"https:\/\/hannes-jaehnert.de\/wordpress\/2017\/03\/14\/wir-lernen-das-gemeinsam\/#breadcrumb","itemListElement":[{"@type":"ListItem","position":1,"name":"Home","item":"https:\/\/hannes-jaehnert.de\/wordpress\/"},{"@type":"ListItem","position":2,"name":"Wir lernen das; gemeinsam!"}]},{"@type":"WebSite","@id":"https:\/\/hannes-jaehnert.de\/wordpress\/#website","url":"https:\/\/hannes-jaehnert.de\/wordpress\/","name":"Hannes J\u00e4hnert","description":"Engagementblogger &amp; Freizeitforscher","publisher":{"@id":"https:\/\/hannes-jaehnert.de\/wordpress\/#\/schema\/person\/1ab60f3bc0cd8e11ede09e5dc21d43b5"},"potentialAction":[{"@type":"SearchAction","target":{"@type":"EntryPoint","urlTemplate":"https:\/\/hannes-jaehnert.de\/wordpress\/?s={search_term_string}"},"query-input":{"@type":"PropertyValueSpecification","valueRequired":true,"valueName":"search_term_string"}}],"inLanguage":"de"},{"@type":["Person","Organization"],"@id":"https:\/\/hannes-jaehnert.de\/wordpress\/#\/schema\/person\/1ab60f3bc0cd8e11ede09e5dc21d43b5","name":"foulder","image":{"@type":"ImageObject","inLanguage":"de","@id":"https:\/\/hannes-jaehnert.de\/wordpress\/wp-content\/uploads\/2021\/02\/hannes-jaehnert_gemacht.jpg","url":"https:\/\/hannes-jaehnert.de\/wordpress\/wp-content\/uploads\/2021\/02\/hannes-jaehnert_gemacht.jpg","contentUrl":"https:\/\/hannes-jaehnert.de\/wordpress\/wp-content\/uploads\/2021\/02\/hannes-jaehnert_gemacht.jpg","width":2000,"height":2000,"caption":"foulder"},"logo":{"@id":"https:\/\/hannes-jaehnert.de\/wordpress\/wp-content\/uploads\/2021\/02\/hannes-jaehnert_gemacht.jpg"},"url":"https:\/\/hannes-jaehnert.de\/wordpress\/author\/foulder\/"}]}},"views":2150,"_links":{"self":[{"href":"https:\/\/hannes-jaehnert.de\/wordpress\/wp-json\/wp\/v2\/posts\/3396","targetHints":{"allow":["GET"]}}],"collection":[{"href":"https:\/\/hannes-jaehnert.de\/wordpress\/wp-json\/wp\/v2\/posts"}],"about":[{"href":"https:\/\/hannes-jaehnert.de\/wordpress\/wp-json\/wp\/v2\/types\/post"}],"author":[{"embeddable":true,"href":"https:\/\/hannes-jaehnert.de\/wordpress\/wp-json\/wp\/v2\/users\/3"}],"replies":[{"embeddable":true,"href":"https:\/\/hannes-jaehnert.de\/wordpress\/wp-json\/wp\/v2\/comments?post=3396"}],"version-history":[{"count":0,"href":"https:\/\/hannes-jaehnert.de\/wordpress\/wp-json\/wp\/v2\/posts\/3396\/revisions"}],"wp:attachment":[{"href":"https:\/\/hannes-jaehnert.de\/wordpress\/wp-json\/wp\/v2\/media?parent=3396"}],"wp:term":[{"taxonomy":"category","embeddable":true,"href":"https:\/\/hannes-jaehnert.de\/wordpress\/wp-json\/wp\/v2\/categories?post=3396"},{"taxonomy":"post_tag","embeddable":true,"href":"https:\/\/hannes-jaehnert.de\/wordpress\/wp-json\/wp\/v2\/tags?post=3396"}],"curies":[{"name":"wp","href":"https:\/\/api.w.org\/{rel}","templated":true}]}}