{"id":3430,"date":"2017-07-24T21:42:20","date_gmt":"2017-07-24T19:42:20","guid":{"rendered":"https:\/\/hannes-jaehnert.de\/wordpress\/?p=3430"},"modified":"2017-07-24T21:42:20","modified_gmt":"2017-07-24T19:42:20","slug":"re-hendrikepe-wir-probierens-mit-social-innovation-labs","status":"publish","type":"post","link":"https:\/\/hannes-jaehnert.de\/wordpress\/2017\/07\/24\/re-hendrikepe-wir-probierens-mit-social-innovation-labs\/","title":{"rendered":"Re @HendrikEpe: Wir probieren&#039;s mit Social Innovation Labs"},"content":{"rendered":"<p>Morgens nach dem Fr\u00fchst\u00fcck nehme ich immer mein Smartphone in die Hand und schaue, was so los ist auf Twitter und auf Facebook. W\u00e4re ich \u00e4lter w\u00fcrde ich vielleicht die Treppe runter gehen und irgendeine Zeitung aus dem Briefkasten holen, wieder hoch tapsen und den einen oder anderen Artikel lesen. Vielleicht h\u00e4tte ich auch schon einen Bezahl-Account bei ZEIT online, SPON oder der BILD.de und w\u00fcrde mir den Gang sparen. Ich bin aber noch nicht reif f\u00fcr t\u00e4glich Print und so habe ich auch am Sonntagmorgen mein Smartphone angemacht und bin bei Facebook auf den <a href=\"https:\/\/ideequadrat.org\/innovation_labs_sozialwirtschaft\/\" target=\"_blank\" rel=\"noopener\">Beitrag von Hendrik Epe<\/a> gesto\u00dfen &#8212; er hatte mich in einem Beitrag, den er in der <a href=\"https:\/\/www.facebook.com\/groups\/sozialunternehmer\/\" target=\"_blank\" rel=\"noopener\">Gruppe &#8220;SozialunternehmerInnen&#8221;<\/a> hinterlie\u00df markiert.<br \/>\nHendrik fragt, ob wir denn Innovation Labs, Hubs, F+E Abteilungen oder sonst was in Sozialunternehmen brauchen. Wer Hendriks Blog kennt, wei\u00df, dass das keine blo\u00df rhetorische Frage ist. Da er nun aber in seinem Facebook-Beitrag nach meiner Meinung gefragt hat, will gern etwas zu <a href=\"https:\/\/twitter.com\/foulder\/status\/889049359953915904\" target=\"_blank\" rel=\"noopener\">der Diskussion<\/a> beitragen.<\/p>\n<h2 style=\"text-align: left;\">das kleine W\u00f6rtchen &#8216;auch&#8217; &#8211; #framing<\/h2>\n<p>Eigentlich habe ich nat\u00fcrlich gar keine Zeit daf\u00fcr. Ich stecke mitten in meinen Urlaubsvorbereitungen. Am kommenden Wochenende ziehe ich mit meiner <a href=\"http:\/\/www.slalomplace.de\/\" target=\"_blank\" rel=\"noopener\">Freestyle-Crew &nbsp;&#8220;Slalomplace&#8221;<\/a> zum zweiten Mal die <a href=\"https:\/\/www.facebook.com\/inlinegamesofficial\/\" target=\"_blank\" rel=\"noopener\">Inline Games im Sportpark Neuk\u00f6lln<\/a> durch &#8212; ein internationales Inline-Skating-Turnier mit rund 120 G\u00e4sten aus 17 verschiedenen Nationen, die sich an drei Tagen in sechs verschiedenen Disziplinen miteinander messen wollen (Livestreaming und Social Media Newsroom inklusive!).<br \/>\nAnyway! Hendrik kommt zu dem Schluss, dass es Innovationslabore braucht, um das Thema &#8220;Innovation&#8221; auch in der Sozialwirtschaft zu einem gro\u00dfen Thema zu machen. Sein Beitrag ist wirklich lesenswert! Er antwortet nicht einfach mit &#8220;Ja&#8221; sondern stellt die Vor- und Nachteile dar, die auch in meiner Welt so oder so \u00e4hnlich immer mal wieder auftauchen:<\/p>\n<ul>\n<li><em>Endlich gibt es jemanden, der sich um soziale Innovation k\u00fcmmert!<\/em> VERSUS <em>Zum Gl\u00fcck ist dieser Kelch an mir vorbei gegangen.<\/em><\/li>\n<li><em>Jetzt bekommen wir endlich mal raus, wie wir sozial innovativer werden k\u00f6nnen!<\/em> VERSUS <em>Wasch&#8217; mich aber mach mich nicht nass.<\/em><\/li>\n<li><em>Zum Gl\u00fcck gibt es nun einen Ansprechpartner f\u00fcr supercoole Ideen, die so Verb\u00e4nde unbedingt brauchen<\/em> VERSUS <em>Die haben gar keine Ahnung, was wir eigentlich machen.<\/em><\/li>\n<\/ul>\n<p>Was ich nun zur Diskussion beitragen will, ist ein kleiner aber recht grundlegender Hinweis: Das W\u00f6rtchen &#8220;auch&#8221; ist im Kontext von Innovationsf\u00f6rderung in der Sozialwirtschaft meines Erachtens komplett fehl am Platz!<\/p>\n<blockquote><p>&nbsp;Aber: Brauchen nicht auch soziale Organisationen entsprechende Abteilungen, Labs, Hubs?<\/p><\/blockquote>\n<h2 style=\"text-align: left;\">&#8220;Soziale Innovation&#8221; kommt von &#8220;Soziale Arbeit&#8221; &#8211; #isso<\/h2>\n<p>Klar! Jetzt kommt der \u00fcber ein halbes Jahrzehnt Verbandssozialisierte und erkl\u00e4rt, dass die Tr\u00e4ger der freien Wohlfahrtspflege schon seit Jahr und Tag soziale Innovationen hervorbringen und das nicht erst tun, seit dem die Industrie-Sau 4.0 quiekend durchs Dorf getrieben wird. Sie tun es! Sie tun es aber leider viel zu oft im Stillen, ohne viel Publicity, sch\u00f6ne Webseiten und \u00f6ffentliche Auszeichnungen. Es ist n\u00e4mlich ihr Beruf. Ein Beruf, der ihnen kaum Zeit l\u00e4sst f\u00fcr breitbeiniges Gehabe &#8230; Okay, um bei der Wahrheit zu bleiben, viel zu oft sehen sie &#8216;breitbeiniges Gehabe&#8217; auch nicht als ihre Aufgabe. Meist differenzieren sie Probleme bis zu Unkenntlichkeit aus oder suchen sich Anerkennung in abseitigen Nischen (Man erkennt, dass ich von mir selber rede, oder?)<br \/>\nFakt ist, dass die Sozialwirtschaft in Deutschland schon immer soziale Innovationen hervor gebracht hat und weiter hervorbringt. Schon deshalb ist das W\u00f6rtchen &#8220;auch&#8221; an dieser Stelle nichts weiter als Kleinmacherei. Kleinmacherei \u00fcbrigens, die das recht \u00fcbersichtliche Selbstbewusstsein der Profession Sozialer Arbeit nicht unbedingt wachsen l\u00e4sst.<br \/>\nEin zweiter Punkt, warum ich meine, dass das W\u00f6rtchen &#8220;auch&#8221; hier fehl am Platz ist, ist meine \u00dcberzeugung, dass Organisationen der Sozialwirtschaft nicht wirklich gut daran tun, Marktwirtschaft zu spielen. Die Sozialwirtschaft ist n\u00e4mlich nicht Marktwirtschaft. Selbstverst\u00e4ndlich gibt es hier wie dort Konkurrenz, die prinzipielle Kooperationsf\u00e4higkeit \u00fcber Organisationsgrenzen hinweg ist in der Sozialwirtschaft aber wesentlich breiter angelegt als in der Marktwirtschaft, wo sie auf gemeinesame Spezialinteressen (meist die Externalisierung von Kosten) beschr\u00e4nkt bleibt.<br \/>\nUnd genau hier, glaube ich, m\u00fcssen Innovatoren in der Sozialwirtschaft wirken. Ob nun Einzelpersonen daran arbeiten oder ganze Abteilungen, es muss darum gehen, einen eigenen Weg <em>sozialer <\/em>Innovation in der <em>Sozial<\/em>wirtschaft zu finden &#8212; Projekt- und Ideen-Transfer inklusive. Die Instrumente (Innovationslabore, -hubs und F+E Abteilungen) und Methoden (Design Thinking, Lean Start-Up oder Reverse Mentoring), die daf\u00fcr bei der Telekom, bei Daimler oder Bosch zum Einsatz kommen, k\u00f6nnen daf\u00fcr durchaus n\u00e4her in Augenschein genommen werden. Im Sinne empirischer Forschung &#8212; sch\u00f6ne Gr\u00fc\u00dfe an deine Studies Hendrik &#8212; ist aber nicht gesagt, dass sie, nur weil sie bei der Telekom vermeintlich Wunder bewirken, dies auch beim Deutschen Roten Kreuz, bei der Caritas oder bei der Diakonie tun m\u00fcssen.<\/p>\n<h2 style=\"text-align: left;\">Change as new normal &#8211; #wakeup<\/h2>\n<p><a href=\"https:\/\/hannes-jaehnert.de\/wordpress\/2017\/03\/04\/soziale-innovation-digitalisierung-beim-deutschen-roten-kreuz\/\" target=\"_blank\" rel=\"noopener\">Aktuell scheint mir ein neuer Wind durch die Sozialwirtschaft zu wehen<\/a>. Soziale Innovation und Digitalisierung &#8212; Themen, die lange ziemlich abseitig behandelt worden &#8212; r\u00fccken in den Fokus. Das ist selbstverst\u00e4ndlich so, weil die die Industrie- und Arbeit 4.0 Debatte in den letzten Jahren mit lautem Gequieke f\u00fcr die rechte Aufmerksamkeit gesorgt hat. Das allerdings muss nicht hei\u00dfen, dass die Sozialwirtschaft jetzt auch laut grunzen muss. Hahnen-Kr\u00e4hen w\u00e4re toll! Denn manche m\u00fcssen noch geweckt werden &#8230; Aber aufstehen <em>m\u00fcssen<\/em>, weil der Nachbar <em>auch<\/em> schon bei der Arbeit ist? Neee!<br \/>\nDen Drive hin zu Ver\u00e4nderung &#8212; zum &#8220;change as new nomal&#8221; &#8212; sehe ich als gro\u00dfe Chance f\u00fcr die Profession Sozialer Arbeit. Eine Chance, die weithin sichtbaren gesellschaftliche Herausforderungen, wie den tiefen digitalen Graben zwischen On- und Offlinern, Digital Natives und Immigrants, wirksam zu begegnen und Br\u00fccken zu bauen zwischen jenen, die morgens die Treppe runter gehen, um die Zeitung zu holen und jenen die sich selbst schlaftrunken auf Facebook suchen. Ich find&#8217;s toll und bin durchaus bereit hin und wieder meine wichtigen Feierabend-Projekte zur\u00fcckzustellen (#Inlinegames).<\/p>\n","protected":false},"excerpt":{"rendered":"<p>Morgens nach dem Fr\u00fchst\u00fcck nehme ich immer mein Smartphone in die Hand und schaue, was so los ist auf Twitter und auf Facebook. W\u00e4re ich \u00e4lter w\u00fcrde ich vielleicht die Treppe runter gehen und irgendeine Zeitung aus dem Briefkasten holen, wieder hoch tapsen und den einen oder anderen Artikel lesen. Vielleicht h\u00e4tte ich auch schon [&hellip;]<\/p>\n","protected":false},"author":3,"featured_media":0,"comment_status":"open","ping_status":"open","sticky":false,"template":"","format":"standard","meta":{"footnotes":""},"categories":[27,2,39],"tags":[526,540,541,161,542],"class_list":["post-3430","post","type-post","status-publish","format-standard","hentry","category-blog","category-gesagt","category-zivilgesellschaft","tag-meinjob","tag-framing","tag-innovationslabor","tag-soziale-arbeit","tag-soziale-innovation"],"yoast_head":"<!-- This site is optimized with the Yoast SEO plugin v27.2 - https:\/\/yoast.com\/product\/yoast-seo-wordpress\/ -->\n<title>Re @HendrikEpe: Wir probieren&#039;s mit Social Innovation Labs &#8902; Hannes J\u00e4hnert<\/title>\n<meta name=\"robots\" content=\"index, follow, max-snippet:-1, max-image-preview:large, max-video-preview:-1\" \/>\n<link rel=\"canonical\" href=\"https:\/\/hannes-jaehnert.de\/wordpress\/2017\/07\/24\/re-hendrikepe-wir-probierens-mit-social-innovation-labs\/\" \/>\n<meta property=\"og:locale\" content=\"de_DE\" \/>\n<meta property=\"og:type\" content=\"article\" \/>\n<meta property=\"og:title\" content=\"Re @HendrikEpe: Wir probieren&#039;s mit Social Innovation Labs &#8902; Hannes J\u00e4hnert\" \/>\n<meta property=\"og:description\" content=\"Morgens nach dem Fr\u00fchst\u00fcck nehme ich immer mein Smartphone in die Hand und schaue, was so los ist auf Twitter und auf Facebook. W\u00e4re ich \u00e4lter w\u00fcrde ich vielleicht die Treppe runter gehen und irgendeine Zeitung aus dem Briefkasten holen, wieder hoch tapsen und den einen oder anderen Artikel lesen. Vielleicht h\u00e4tte ich auch schon [&hellip;]\" \/>\n<meta property=\"og:url\" content=\"https:\/\/hannes-jaehnert.de\/wordpress\/2017\/07\/24\/re-hendrikepe-wir-probierens-mit-social-innovation-labs\/\" \/>\n<meta property=\"og:site_name\" content=\"Hannes J\u00e4hnert\" \/>\n<meta property=\"article:published_time\" content=\"2017-07-24T19:42:20+00:00\" \/>\n<meta name=\"author\" content=\"foulder\" \/>\n<meta name=\"twitter:card\" content=\"summary_large_image\" \/>\n<meta name=\"twitter:label1\" content=\"Verfasst von\" \/>\n\t<meta name=\"twitter:data1\" content=\"foulder\" \/>\n\t<meta name=\"twitter:label2\" content=\"Gesch\u00e4tzte Lesezeit\" \/>\n\t<meta name=\"twitter:data2\" content=\"5\u00a0Minuten\" \/>\n<script type=\"application\/ld+json\" class=\"yoast-schema-graph\">{\"@context\":\"https:\/\/schema.org\",\"@graph\":[{\"@type\":\"Article\",\"@id\":\"https:\/\/hannes-jaehnert.de\/wordpress\/2017\/07\/24\/re-hendrikepe-wir-probierens-mit-social-innovation-labs\/#article\",\"isPartOf\":{\"@id\":\"https:\/\/hannes-jaehnert.de\/wordpress\/2017\/07\/24\/re-hendrikepe-wir-probierens-mit-social-innovation-labs\/\"},\"author\":{\"name\":\"foulder\",\"@id\":\"https:\/\/hannes-jaehnert.de\/wordpress\/#\/schema\/person\/1ab60f3bc0cd8e11ede09e5dc21d43b5\"},\"headline\":\"Re @HendrikEpe: Wir probieren&#039;s mit Social Innovation Labs\",\"datePublished\":\"2017-07-24T19:42:20+00:00\",\"mainEntityOfPage\":{\"@id\":\"https:\/\/hannes-jaehnert.de\/wordpress\/2017\/07\/24\/re-hendrikepe-wir-probierens-mit-social-innovation-labs\/\"},\"wordCount\":1001,\"commentCount\":5,\"publisher\":{\"@id\":\"https:\/\/hannes-jaehnert.de\/wordpress\/#\/schema\/person\/1ab60f3bc0cd8e11ede09e5dc21d43b5\"},\"keywords\":[\"#meinjob\",\"Framing\",\"Innovationslabor\",\"Soziale Arbeit\",\"Soziale Innovation\"],\"articleSection\":[\"Blog\",\"Kurz Notiert\",\"Zivilgesellschaft\"],\"inLanguage\":\"de\",\"potentialAction\":[{\"@type\":\"CommentAction\",\"name\":\"Comment\",\"target\":[\"https:\/\/hannes-jaehnert.de\/wordpress\/2017\/07\/24\/re-hendrikepe-wir-probierens-mit-social-innovation-labs\/#respond\"]}]},{\"@type\":\"WebPage\",\"@id\":\"https:\/\/hannes-jaehnert.de\/wordpress\/2017\/07\/24\/re-hendrikepe-wir-probierens-mit-social-innovation-labs\/\",\"url\":\"https:\/\/hannes-jaehnert.de\/wordpress\/2017\/07\/24\/re-hendrikepe-wir-probierens-mit-social-innovation-labs\/\",\"name\":\"Re @HendrikEpe: Wir probieren&#039;s mit Social Innovation Labs &#8902; Hannes J\u00e4hnert\",\"isPartOf\":{\"@id\":\"https:\/\/hannes-jaehnert.de\/wordpress\/#website\"},\"datePublished\":\"2017-07-24T19:42:20+00:00\",\"breadcrumb\":{\"@id\":\"https:\/\/hannes-jaehnert.de\/wordpress\/2017\/07\/24\/re-hendrikepe-wir-probierens-mit-social-innovation-labs\/#breadcrumb\"},\"inLanguage\":\"de\",\"potentialAction\":[{\"@type\":\"ReadAction\",\"target\":[\"https:\/\/hannes-jaehnert.de\/wordpress\/2017\/07\/24\/re-hendrikepe-wir-probierens-mit-social-innovation-labs\/\"]}]},{\"@type\":\"BreadcrumbList\",\"@id\":\"https:\/\/hannes-jaehnert.de\/wordpress\/2017\/07\/24\/re-hendrikepe-wir-probierens-mit-social-innovation-labs\/#breadcrumb\",\"itemListElement\":[{\"@type\":\"ListItem\",\"position\":1,\"name\":\"Home\",\"item\":\"https:\/\/hannes-jaehnert.de\/wordpress\/\"},{\"@type\":\"ListItem\",\"position\":2,\"name\":\"Re @HendrikEpe: Wir probieren&#039;s mit Social Innovation Labs\"}]},{\"@type\":\"WebSite\",\"@id\":\"https:\/\/hannes-jaehnert.de\/wordpress\/#website\",\"url\":\"https:\/\/hannes-jaehnert.de\/wordpress\/\",\"name\":\"Hannes J\u00e4hnert\",\"description\":\"Engagementblogger &amp; Freizeitforscher\",\"publisher\":{\"@id\":\"https:\/\/hannes-jaehnert.de\/wordpress\/#\/schema\/person\/1ab60f3bc0cd8e11ede09e5dc21d43b5\"},\"potentialAction\":[{\"@type\":\"SearchAction\",\"target\":{\"@type\":\"EntryPoint\",\"urlTemplate\":\"https:\/\/hannes-jaehnert.de\/wordpress\/?s={search_term_string}\"},\"query-input\":{\"@type\":\"PropertyValueSpecification\",\"valueRequired\":true,\"valueName\":\"search_term_string\"}}],\"inLanguage\":\"de\"},{\"@type\":[\"Person\",\"Organization\"],\"@id\":\"https:\/\/hannes-jaehnert.de\/wordpress\/#\/schema\/person\/1ab60f3bc0cd8e11ede09e5dc21d43b5\",\"name\":\"foulder\",\"image\":{\"@type\":\"ImageObject\",\"inLanguage\":\"de\",\"@id\":\"https:\/\/hannes-jaehnert.de\/wordpress\/wp-content\/uploads\/2021\/02\/hannes-jaehnert_gemacht.jpg\",\"url\":\"https:\/\/hannes-jaehnert.de\/wordpress\/wp-content\/uploads\/2021\/02\/hannes-jaehnert_gemacht.jpg\",\"contentUrl\":\"https:\/\/hannes-jaehnert.de\/wordpress\/wp-content\/uploads\/2021\/02\/hannes-jaehnert_gemacht.jpg\",\"width\":2000,\"height\":2000,\"caption\":\"foulder\"},\"logo\":{\"@id\":\"https:\/\/hannes-jaehnert.de\/wordpress\/wp-content\/uploads\/2021\/02\/hannes-jaehnert_gemacht.jpg\"},\"url\":\"https:\/\/hannes-jaehnert.de\/wordpress\/author\/foulder\/\"}]}<\/script>\n<!-- \/ Yoast SEO plugin. -->","yoast_head_json":{"title":"Re @HendrikEpe: Wir probieren&#039;s mit Social Innovation Labs &#8902; Hannes J\u00e4hnert","robots":{"index":"index","follow":"follow","max-snippet":"max-snippet:-1","max-image-preview":"max-image-preview:large","max-video-preview":"max-video-preview:-1"},"canonical":"https:\/\/hannes-jaehnert.de\/wordpress\/2017\/07\/24\/re-hendrikepe-wir-probierens-mit-social-innovation-labs\/","og_locale":"de_DE","og_type":"article","og_title":"Re @HendrikEpe: Wir probieren&#039;s mit Social Innovation Labs &#8902; Hannes J\u00e4hnert","og_description":"Morgens nach dem Fr\u00fchst\u00fcck nehme ich immer mein Smartphone in die Hand und schaue, was so los ist auf Twitter und auf Facebook. W\u00e4re ich \u00e4lter w\u00fcrde ich vielleicht die Treppe runter gehen und irgendeine Zeitung aus dem Briefkasten holen, wieder hoch tapsen und den einen oder anderen Artikel lesen. Vielleicht h\u00e4tte ich auch schon [&hellip;]","og_url":"https:\/\/hannes-jaehnert.de\/wordpress\/2017\/07\/24\/re-hendrikepe-wir-probierens-mit-social-innovation-labs\/","og_site_name":"Hannes J\u00e4hnert","article_published_time":"2017-07-24T19:42:20+00:00","author":"foulder","twitter_card":"summary_large_image","twitter_misc":{"Verfasst von":"foulder","Gesch\u00e4tzte Lesezeit":"5\u00a0Minuten"},"schema":{"@context":"https:\/\/schema.org","@graph":[{"@type":"Article","@id":"https:\/\/hannes-jaehnert.de\/wordpress\/2017\/07\/24\/re-hendrikepe-wir-probierens-mit-social-innovation-labs\/#article","isPartOf":{"@id":"https:\/\/hannes-jaehnert.de\/wordpress\/2017\/07\/24\/re-hendrikepe-wir-probierens-mit-social-innovation-labs\/"},"author":{"name":"foulder","@id":"https:\/\/hannes-jaehnert.de\/wordpress\/#\/schema\/person\/1ab60f3bc0cd8e11ede09e5dc21d43b5"},"headline":"Re @HendrikEpe: Wir probieren&#039;s mit Social Innovation Labs","datePublished":"2017-07-24T19:42:20+00:00","mainEntityOfPage":{"@id":"https:\/\/hannes-jaehnert.de\/wordpress\/2017\/07\/24\/re-hendrikepe-wir-probierens-mit-social-innovation-labs\/"},"wordCount":1001,"commentCount":5,"publisher":{"@id":"https:\/\/hannes-jaehnert.de\/wordpress\/#\/schema\/person\/1ab60f3bc0cd8e11ede09e5dc21d43b5"},"keywords":["#meinjob","Framing","Innovationslabor","Soziale Arbeit","Soziale Innovation"],"articleSection":["Blog","Kurz Notiert","Zivilgesellschaft"],"inLanguage":"de","potentialAction":[{"@type":"CommentAction","name":"Comment","target":["https:\/\/hannes-jaehnert.de\/wordpress\/2017\/07\/24\/re-hendrikepe-wir-probierens-mit-social-innovation-labs\/#respond"]}]},{"@type":"WebPage","@id":"https:\/\/hannes-jaehnert.de\/wordpress\/2017\/07\/24\/re-hendrikepe-wir-probierens-mit-social-innovation-labs\/","url":"https:\/\/hannes-jaehnert.de\/wordpress\/2017\/07\/24\/re-hendrikepe-wir-probierens-mit-social-innovation-labs\/","name":"Re @HendrikEpe: Wir probieren&#039;s mit Social Innovation Labs &#8902; Hannes J\u00e4hnert","isPartOf":{"@id":"https:\/\/hannes-jaehnert.de\/wordpress\/#website"},"datePublished":"2017-07-24T19:42:20+00:00","breadcrumb":{"@id":"https:\/\/hannes-jaehnert.de\/wordpress\/2017\/07\/24\/re-hendrikepe-wir-probierens-mit-social-innovation-labs\/#breadcrumb"},"inLanguage":"de","potentialAction":[{"@type":"ReadAction","target":["https:\/\/hannes-jaehnert.de\/wordpress\/2017\/07\/24\/re-hendrikepe-wir-probierens-mit-social-innovation-labs\/"]}]},{"@type":"BreadcrumbList","@id":"https:\/\/hannes-jaehnert.de\/wordpress\/2017\/07\/24\/re-hendrikepe-wir-probierens-mit-social-innovation-labs\/#breadcrumb","itemListElement":[{"@type":"ListItem","position":1,"name":"Home","item":"https:\/\/hannes-jaehnert.de\/wordpress\/"},{"@type":"ListItem","position":2,"name":"Re @HendrikEpe: Wir probieren&#039;s mit Social Innovation Labs"}]},{"@type":"WebSite","@id":"https:\/\/hannes-jaehnert.de\/wordpress\/#website","url":"https:\/\/hannes-jaehnert.de\/wordpress\/","name":"Hannes J\u00e4hnert","description":"Engagementblogger &amp; Freizeitforscher","publisher":{"@id":"https:\/\/hannes-jaehnert.de\/wordpress\/#\/schema\/person\/1ab60f3bc0cd8e11ede09e5dc21d43b5"},"potentialAction":[{"@type":"SearchAction","target":{"@type":"EntryPoint","urlTemplate":"https:\/\/hannes-jaehnert.de\/wordpress\/?s={search_term_string}"},"query-input":{"@type":"PropertyValueSpecification","valueRequired":true,"valueName":"search_term_string"}}],"inLanguage":"de"},{"@type":["Person","Organization"],"@id":"https:\/\/hannes-jaehnert.de\/wordpress\/#\/schema\/person\/1ab60f3bc0cd8e11ede09e5dc21d43b5","name":"foulder","image":{"@type":"ImageObject","inLanguage":"de","@id":"https:\/\/hannes-jaehnert.de\/wordpress\/wp-content\/uploads\/2021\/02\/hannes-jaehnert_gemacht.jpg","url":"https:\/\/hannes-jaehnert.de\/wordpress\/wp-content\/uploads\/2021\/02\/hannes-jaehnert_gemacht.jpg","contentUrl":"https:\/\/hannes-jaehnert.de\/wordpress\/wp-content\/uploads\/2021\/02\/hannes-jaehnert_gemacht.jpg","width":2000,"height":2000,"caption":"foulder"},"logo":{"@id":"https:\/\/hannes-jaehnert.de\/wordpress\/wp-content\/uploads\/2021\/02\/hannes-jaehnert_gemacht.jpg"},"url":"https:\/\/hannes-jaehnert.de\/wordpress\/author\/foulder\/"}]}},"views":2167,"_links":{"self":[{"href":"https:\/\/hannes-jaehnert.de\/wordpress\/wp-json\/wp\/v2\/posts\/3430","targetHints":{"allow":["GET"]}}],"collection":[{"href":"https:\/\/hannes-jaehnert.de\/wordpress\/wp-json\/wp\/v2\/posts"}],"about":[{"href":"https:\/\/hannes-jaehnert.de\/wordpress\/wp-json\/wp\/v2\/types\/post"}],"author":[{"embeddable":true,"href":"https:\/\/hannes-jaehnert.de\/wordpress\/wp-json\/wp\/v2\/users\/3"}],"replies":[{"embeddable":true,"href":"https:\/\/hannes-jaehnert.de\/wordpress\/wp-json\/wp\/v2\/comments?post=3430"}],"version-history":[{"count":0,"href":"https:\/\/hannes-jaehnert.de\/wordpress\/wp-json\/wp\/v2\/posts\/3430\/revisions"}],"wp:attachment":[{"href":"https:\/\/hannes-jaehnert.de\/wordpress\/wp-json\/wp\/v2\/media?parent=3430"}],"wp:term":[{"taxonomy":"category","embeddable":true,"href":"https:\/\/hannes-jaehnert.de\/wordpress\/wp-json\/wp\/v2\/categories?post=3430"},{"taxonomy":"post_tag","embeddable":true,"href":"https:\/\/hannes-jaehnert.de\/wordpress\/wp-json\/wp\/v2\/tags?post=3430"}],"curies":[{"name":"wp","href":"https:\/\/api.w.org\/{rel}","templated":true}]}}